{"id":10850,"date":"2026-06-28T18:02:32","date_gmt":"2026-06-28T21:02:32","guid":{"rendered":"https:\/\/ilheusnews.com.br\/?p=10850"},"modified":"2026-06-28T18:02:32","modified_gmt":"2026-06-28T21:02:32","slug":"como-o-boom-da-ia-ja-esta-afetando-o-bolso-dos-consumidores","status":"publish","type":"post","link":"https:\/\/ilheusnews.com.br\/?p=10850","title":{"rendered":"Como o \u2018boom da IA\u2019 j\u00e1 est\u00e1 afetando o bolso dos consumidores"},"content":{"rendered":"<div>\n<p>A corrida global pelo desenvolvimento da intelig\u00eancia artificial come\u00e7ou a impactar diretamente o bolso do consumidor final. O avan\u00e7o acelerado dessa tecnologia gerou uma alta na procura por mem\u00f3ria RAM, um componente essencial para o funcionamento de qualquer dispositivo eletr\u00f4nico, desde servidores at\u00e9 smartphones, tablets e notebooks. Como a produ\u00e7\u00e3o atual n\u00e3o d\u00e1 conta de atender todo mundo, o custo desses chips disparou.<\/p>\n<p>Essa escassez ocorre porque gigantes da tecnologia, como Nvidia, AMD e Google, est\u00e3o comprando grandes volumes de mem\u00f3ria para equipar seus centros de dados focados em IA. A falta de estoque tem provocado um efeito cascata que j\u00e1 chega ao com\u00e9rcio varejista e altera as previs\u00f5es do setor para os pr\u00f3ximos anos.<\/p>\n<h2 class=\"wp-block-heading\" id=\"h-o-reflexo-nos-precos-e-no-mercado\">O reflexo nos pre\u00e7os e no mercado<\/h2>\n<p>O repasse de custos para o consumidor j\u00e1 come\u00e7ou a se materializar. A Apple, por exemplo, anunciou um aumento nos pre\u00e7os de MacBooks e iPads, classificando a crise de abastecimento como um desafio sem precedentes. De acordo com dados da consultoria Gartner, a expectativa \u00e9 que os pre\u00e7os dos computadores pessoais subam 17% e os dos smartphones fiquem 13% mais caros em rela\u00e7\u00e3o aos patamares de 2025.<\/p>\n<div class=\"wp-block-image\">\n<figure class=\"aligncenter size-large\"><figcaption class=\"wp-element-caption\">Smartphones \u00e0 venda \u2013 Imagem: Denis Klimov 3000\/Shutterstock<\/figcaption><\/figure>\n<\/div>\n<p>Esse cen\u00e1rio deve desestimular a troca de aparelhos. As proje\u00e7\u00f5es indicam uma queda de 10,4% nos envios globais de PCs e de 8,4% no mercado de celulares. Especialistas apontam que a situa\u00e7\u00e3o atual se diferencia de crises anteriores por dois fatores: a velocidade com que os pre\u00e7os est\u00e3o subindo e o tempo prolongado que devem permanecer no topo, com previs\u00f5es de normaliza\u00e7\u00e3o apenas para o final de 2027.<\/p>\n<p><strong>Leia mais:<\/strong><\/p>\n<ul>\n<li><a href=\"https:\/\/olhardigital.com.br\/2026\/06\/25\/pro\/apple-aumenta-precos-de-macs-e-ipads-ia-esta-por-tras-da-alta\/\" target=\"_blank\" rel=\"noreferrer noopener\">Apple aumenta pre\u00e7os de Macs e iPads; IA est\u00e1 por tr\u00e1s da alta<\/a><\/li>\n<li><a href=\"https:\/\/olhardigital.com.br\/2026\/06\/25\/games-e-consoles\/xbox-mais-caro-veja-quanto-voce-vai-pagar-agora-pelos-consoles-da-microsoft\/\" target=\"_blank\" rel=\"noreferrer noopener\">Xbox mais caro: veja quanto voc\u00ea vai pagar agora pelos consoles da Microsoft<\/a><\/li>\n<li><a href=\"https:\/\/olhardigital.com.br\/2026\/06\/25\/inteligencia-artificial\/openai-microsoft-google-amazon-afinal-quem-lidera-a-corrida-da-ia\/\" target=\"_blank\" rel=\"noreferrer noopener\">OpenAI, Microsoft, Google, Amazon\u2026 afinal, quem lidera a corrida da IA?<\/a><\/li>\n<\/ul>\n<h2 class=\"wp-block-heading\" id=\"h-como-o-varejo-e-os-consumidores-reagem\">Como o varejo e os consumidores reagem<\/h2>\n<p>A percep\u00e7\u00e3o do aumento por parte do p\u00fablico pode n\u00e3o ser imediata. Como o ciclo m\u00e9dio de troca de um notebook gira em torno de quatro a cinco anos, muitos usu\u00e1rios n\u00e3o se lembram do valor pago no modelo antigo e acabam n\u00e3o notando o reajuste. Al\u00e9m disso, mesmo pagando mais caro, o consumidor leva para casa um aparelho com capacidade muito superior \u00e0 da sua \u00faltima compra de anos atr\u00e1s.<\/p>\n<p>No setor varejista, grandes redes usaram estrat\u00e9gias para adiar o impacto:<\/p>\n<ul>\n<li><strong>Antecipa\u00e7\u00e3o de estoque:<\/strong> Empresas como a Best Buy aumentaram as compras de componentes no in\u00edcio do ano para criar uma barreira tempor\u00e1ria contra os reajustes.<\/li>\n<li><strong>Poder de barganha:<\/strong> Grandes varejistas t\u00eam mais facilidade para negociar com fornecedores e segurar os pre\u00e7os por mais tempo do que com\u00e9rcios de pequeno porte.<\/li>\n<li><strong>Foco na necessidade:<\/strong> Vendedores buscam focar na demonstra\u00e7\u00e3o de recursos t\u00e9cnicos superiores para justificar o investimento do cliente.<\/li>\n<\/ul>\n<h2 class=\"wp-block-heading\" id=\"h-riscos-de-desabastecimento-no-longo-prazo\">Riscos de desabastecimento no longo prazo<\/h2>\n<p>A preocupa\u00e7\u00e3o da ind\u00fastria vai al\u00e9m da infla\u00e7\u00e3o dos produtos. Representantes do varejo internacional j\u00e1 acionaram \u00f3rg\u00e3os governamentais pedindo uma an\u00e1lise sobre o desequil\u00edbrio na distribui\u00e7\u00e3o dos chips. O temor \u00e9 que a falta de mat\u00e9ria-prima resulte em prateleiras vazias e na escassez f\u00edsica de eletr\u00f4nicos no mercado.<\/p>\n<p>Se a crise persistir, fabricantes encontrar\u00e3o dificuldades para promover novos recursos que dependem de hardware robusto, como as pr\u00f3prias fun\u00e7\u00f5es nativas de intelig\u00eancia artificial nos celulares. O resultado final pode ser a estagna\u00e7\u00e3o do mercado de eletroeletr\u00f4nicos, for\u00e7ando uma mudan\u00e7a nos planos de contratos e lan\u00e7amentos de produtos com at\u00e9 um ano de anteced\u00eancia.<\/p>\n<p><a href=\"https:\/\/www.cnbc.com\/2026\/06\/26\/ai-memory-chip-shortage-consumer-electronics-prices.html\" target=\"_blank\" rel=\"noreferrer noopener\"><em>Via CNBC<\/em><\/a><\/p>\n<p>O post <a href=\"https:\/\/olhardigital.com.br\/2026\/06\/28\/reviews\/como-o-boom-da-ia-ja-esta-afetando-o-bolso-dos-consumidores\/\">Como o \u2018boom da IA\u2019 j\u00e1 est\u00e1 afetando o bolso dos consumidores<\/a> apareceu primeiro em <a href=\"https:\/\/olhardigital.com.br\/\">Olhar Digital<\/a>.<\/p>\n<\/div>\n","protected":false},"excerpt":{"rendered":"<p>A corrida global pelo desenvolvimento da intelig\u00eancia artificial come\u00e7ou a impactar diretamente o bolso do consumidor final. O avan\u00e7o acelerado dessa tecnologia gerou uma alta na procura por mem\u00f3ria RAM, um componente essencial para o funcionamento de qualquer dispositivo eletr\u00f4nico, desde servidores at\u00e9 smartphones, tablets e notebooks. Como a produ\u00e7\u00e3o atual n\u00e3o d\u00e1 conta de<\/p>\n","protected":false},"author":6,"featured_media":10851,"comment_status":"closed","ping_status":"closed","sticky":false,"template":"","format":"standard","meta":{"fifu_image_url":"https:\/\/olhardigital.com.br\/wp-content\/uploads\/2026\/02\/shutterstock_2598033971-1-1-1024x683.jpg","fifu_image_alt":"Como o \u2018boom da IA\u2019 j\u00e1 est\u00e1 afetando o bolso dos consumidores","footnotes":""},"categories":[33],"tags":[],"class_list":["post-10850","post","type-post","status-publish","format-standard","has-post-thumbnail","hentry","category-noticias"],"_links":{"self":[{"href":"https:\/\/ilheusnews.com.br\/index.php?rest_route=\/wp\/v2\/posts\/10850","targetHints":{"allow":["GET"]}}],"collection":[{"href":"https:\/\/ilheusnews.com.br\/index.php?rest_route=\/wp\/v2\/posts"}],"about":[{"href":"https:\/\/ilheusnews.com.br\/index.php?rest_route=\/wp\/v2\/types\/post"}],"author":[{"embeddable":true,"href":"https:\/\/ilheusnews.com.br\/index.php?rest_route=\/wp\/v2\/users\/6"}],"replies":[{"embeddable":true,"href":"https:\/\/ilheusnews.com.br\/index.php?rest_route=%2Fwp%2Fv2%2Fcomments&post=10850"}],"version-history":[{"count":0,"href":"https:\/\/ilheusnews.com.br\/index.php?rest_route=\/wp\/v2\/posts\/10850\/revisions"}],"wp:featuredmedia":[{"embeddable":true,"href":"https:\/\/ilheusnews.com.br\/index.php?rest_route=\/wp\/v2\/media\/10851"}],"wp:attachment":[{"href":"https:\/\/ilheusnews.com.br\/index.php?rest_route=%2Fwp%2Fv2%2Fmedia&parent=10850"}],"wp:term":[{"taxonomy":"category","embeddable":true,"href":"https:\/\/ilheusnews.com.br\/index.php?rest_route=%2Fwp%2Fv2%2Fcategories&post=10850"},{"taxonomy":"post_tag","embeddable":true,"href":"https:\/\/ilheusnews.com.br\/index.php?rest_route=%2Fwp%2Fv2%2Ftags&post=10850"}],"curies":[{"name":"wp","href":"https:\/\/api.w.org\/{rel}","templated":true}]}}