{"id":10840,"date":"2026-06-28T12:00:58","date_gmt":"2026-06-28T15:00:58","guid":{"rendered":"https:\/\/ilheusnews.com.br\/?p=10840"},"modified":"2026-06-28T12:00:58","modified_gmt":"2026-06-28T15:00:58","slug":"chefe-do-vision-pro-deixa-a-apple-para-liderar-divisao-de-hardware-da-openai","status":"publish","type":"post","link":"https:\/\/ilheusnews.com.br\/?p=10840","title":{"rendered":"Chefe do Vision Pro deixa a Apple para liderar divis\u00e3o de hardware da OpenAI"},"content":{"rendered":"<div>\n<p>Paul Meade, vice-presidente da Apple que chefia o Vision Products Group, vai deixar a empresa na pr\u00f3xima semana para integrar a OpenAI. Segundo o <em>Bloomberg<\/em>, ele ser\u00e1 respons\u00e1vel por criar e comandar a nova divis\u00e3o de hardware da companhia de intelig\u00eancia artificial.<\/p>\n<p>Na OpenAI, Meade vai supervisionar o desenvolvimento de uma fam\u00edlia de dispositivos movidos por IA. A empresa j\u00e1 desenvolvia produtos de hardware em parceria com a startup de Jony Ive desde 2025. Essa startup, chamada io, foi incorporada \u00e0 OpenAI em um acordo de US$ 6,5 bilh\u00f5es, mas segue operando de forma independente.<\/p>\n<p>N\u00e3o est\u00e1 claro como a nova divis\u00e3o interna de hardware vai afetar o trabalho que a OpenAI j\u00e1 desenvolve com a startup de Ive. O <em>The Information<\/em> reportou anteriormente que o est\u00fadio de Ive tamb\u00e9m trabalha em uma s\u00e9rie de dispositivos com IA, incluindo uma caixa de som inteligente prevista para algum momento de 2027.<\/p>\n<p>Na Apple, Meade liderou a engenharia de hardware do Vision Pro por sete anos e tamb\u00e9m estava \u00e0 frente dos projetos de \u00f3culos inteligentes da empresa. Antes de ingressar no Vision Products Group, em 2017, trabalhou no iPad e no iPhone. Alguns anos depois de entrar no grupo, passou a chefiar a engenharia de hardware da divis\u00e3o. Relat\u00f3rios anteriores indicavam que a Apple n\u00e3o lan\u00e7aria seu primeiro modelo de \u00f3culos inteligentes antes do fim de 2027.<\/p>\n<p>Com a sa\u00edda de Meade, Fletcher Rothkopf \u2014 um dos fundadores da equipe do Apple Vision Pro \u2014 assumir\u00e1 grande parte de suas responsabilidades.<\/p>\n<p>De acordo com o <em>Bloomberg<\/em>, a partida de Meade est\u00e1 relacionada \u00e0 iminente ascens\u00e3o de John Ternus ao cargo de CEO da Apple. Ternus, atualmente vice-presidente s\u00eanior de engenharia de hardware, assumir\u00e1 o posto no lugar de Tim Cook em 1\u00ba de setembro.<\/p>\n<p>O post <a href=\"https:\/\/olhardigital.com.br\/2026\/06\/28\/pro\/chefe-do-vision-pro-deixa-a-apple-para-liderar-divisao-de-hardware-da-openai\/\">Chefe do Vision Pro deixa a Apple para liderar divis\u00e3o de hardware da OpenAI<\/a> apareceu primeiro em <a href=\"https:\/\/olhardigital.com.br\/\">Olhar Digital<\/a>.<\/p>\n<\/div>\n","protected":false},"excerpt":{"rendered":"<p>Paul Meade, vice-presidente da Apple que chefia o Vision Products Group, vai deixar a empresa na pr\u00f3xima semana para integrar a OpenAI. Segundo o Bloomberg, ele ser\u00e1 respons\u00e1vel por criar e comandar a nova divis\u00e3o de hardware da companhia de intelig\u00eancia artificial. Na OpenAI, Meade vai supervisionar o desenvolvimento de uma fam\u00edlia de dispositivos movidos<\/p>\n","protected":false},"author":6,"featured_media":0,"comment_status":"closed","ping_status":"closed","sticky":false,"template":"","format":"standard","meta":{"fifu_image_url":"","fifu_image_alt":"","footnotes":""},"categories":[33],"tags":[],"class_list":["post-10840","post","type-post","status-publish","format-standard","hentry","category-noticias"],"_links":{"self":[{"href":"https:\/\/ilheusnews.com.br\/index.php?rest_route=\/wp\/v2\/posts\/10840","targetHints":{"allow":["GET"]}}],"collection":[{"href":"https:\/\/ilheusnews.com.br\/index.php?rest_route=\/wp\/v2\/posts"}],"about":[{"href":"https:\/\/ilheusnews.com.br\/index.php?rest_route=\/wp\/v2\/types\/post"}],"author":[{"embeddable":true,"href":"https:\/\/ilheusnews.com.br\/index.php?rest_route=\/wp\/v2\/users\/6"}],"replies":[{"embeddable":true,"href":"https:\/\/ilheusnews.com.br\/index.php?rest_route=%2Fwp%2Fv2%2Fcomments&post=10840"}],"version-history":[{"count":0,"href":"https:\/\/ilheusnews.com.br\/index.php?rest_route=\/wp\/v2\/posts\/10840\/revisions"}],"wp:attachment":[{"href":"https:\/\/ilheusnews.com.br\/index.php?rest_route=%2Fwp%2Fv2%2Fmedia&parent=10840"}],"wp:term":[{"taxonomy":"category","embeddable":true,"href":"https:\/\/ilheusnews.com.br\/index.php?rest_route=%2Fwp%2Fv2%2Fcategories&post=10840"},{"taxonomy":"post_tag","embeddable":true,"href":"https:\/\/ilheusnews.com.br\/index.php?rest_route=%2Fwp%2Fv2%2Ftags&post=10840"}],"curies":[{"name":"wp","href":"https:\/\/api.w.org\/{rel}","templated":true}]}}