{"id":10725,"date":"2026-06-26T18:03:55","date_gmt":"2026-06-26T21:03:55","guid":{"rendered":"https:\/\/ilheusnews.com.br\/?p=10725"},"modified":"2026-06-26T18:03:55","modified_gmt":"2026-06-26T21:03:55","slug":"reparticoes-municipais-e-estaduais-decretam-turno-unico-no-proximo-jogo-do-brasil","status":"publish","type":"post","link":"https:\/\/ilheusnews.com.br\/?p=10725","title":{"rendered":"Reparti\u00e7\u00f5es municipais e estaduais decretam turno \u00fanico no pr\u00f3ximo jogo do Brasil"},"content":{"rendered":"<div>Funcion\u00e1rios p\u00fablicos municipais e estaduais trabalhar\u00e3o em\u00a0turno \u00fanico na pr\u00f3xima segunda-feira (29), em raz\u00e3o do jogo da Sele\u00e7\u00e3o Brasileira contra o Jap\u00e3o, pelo in\u00edcio da fase de mata-mata da Copa do Mundo de 2026. (Foto ilustra\u00e7\u00e3o: CEAF\/Feira de Santana) A\u00a0Prefeitura\u00a0de Feira de Santana publicou o Decreto n\u00ba 14.572, estabelecendo turno \u00fanico das 8h \u00e0s 12h, exceto para\u00a0servi\u00e7os p\u00fablicos considerados essenciais. Sendo assim, \u00e1reas como sa\u00fade, limpeza p\u00fablica, seguran\u00e7a patrimonial, fiscaliza\u00e7\u00e3o e demais servi\u00e7os indispens\u00e1veis \u00e0 popula\u00e7\u00e3o manter\u00e3o o atendimento. No estado, o\u00a0Governo da Bahia decretou\u00a0que o\u00a0expediente, nas reparti\u00e7\u00f5es p\u00fablicas, ser\u00e1 encerrado \u00e0s 11h. (Da Reda\u00e7\u00e3o)<\/div>\n","protected":false},"excerpt":{"rendered":"<p>Funcion\u00e1rios p\u00fablicos municipais e estaduais trabalhar\u00e3o em\u00a0turno \u00fanico na pr\u00f3xima segunda-feira (29), em raz\u00e3o do jogo da Sele\u00e7\u00e3o Brasileira contra o Jap\u00e3o, pelo in\u00edcio da fase de mata-mata da Copa do Mundo de 2026. (Foto ilustra\u00e7\u00e3o: CEAF\/Feira de Santana) A\u00a0Prefeitura\u00a0de Feira de Santana publicou o Decreto n\u00ba 14.572, estabelecendo turno \u00fanico das 8h \u00e0s 12h,<\/p>\n","protected":false},"author":8,"featured_media":0,"comment_status":"closed","ping_status":"closed","sticky":false,"template":"","format":"standard","meta":{"fifu_image_url":"","fifu_image_alt":"","footnotes":""},"categories":[33],"tags":[],"class_list":["post-10725","post","type-post","status-publish","format-standard","hentry","category-noticias"],"_links":{"self":[{"href":"https:\/\/ilheusnews.com.br\/index.php?rest_route=\/wp\/v2\/posts\/10725","targetHints":{"allow":["GET"]}}],"collection":[{"href":"https:\/\/ilheusnews.com.br\/index.php?rest_route=\/wp\/v2\/posts"}],"about":[{"href":"https:\/\/ilheusnews.com.br\/index.php?rest_route=\/wp\/v2\/types\/post"}],"author":[{"embeddable":true,"href":"https:\/\/ilheusnews.com.br\/index.php?rest_route=\/wp\/v2\/users\/8"}],"replies":[{"embeddable":true,"href":"https:\/\/ilheusnews.com.br\/index.php?rest_route=%2Fwp%2Fv2%2Fcomments&post=10725"}],"version-history":[{"count":0,"href":"https:\/\/ilheusnews.com.br\/index.php?rest_route=\/wp\/v2\/posts\/10725\/revisions"}],"wp:attachment":[{"href":"https:\/\/ilheusnews.com.br\/index.php?rest_route=%2Fwp%2Fv2%2Fmedia&parent=10725"}],"wp:term":[{"taxonomy":"category","embeddable":true,"href":"https:\/\/ilheusnews.com.br\/index.php?rest_route=%2Fwp%2Fv2%2Fcategories&post=10725"},{"taxonomy":"post_tag","embeddable":true,"href":"https:\/\/ilheusnews.com.br\/index.php?rest_route=%2Fwp%2Fv2%2Ftags&post=10725"}],"curies":[{"name":"wp","href":"https:\/\/api.w.org\/{rel}","templated":true}]}}