{"id":10654,"date":"2026-06-25T18:03:42","date_gmt":"2026-06-25T21:03:42","guid":{"rendered":"https:\/\/ilheusnews.com.br\/?p=10654"},"modified":"2026-06-25T18:03:42","modified_gmt":"2026-06-25T21:03:42","slug":"por-que-o-brasil-precisa-cortar-a-geracao-de-energia-quando-ha-eletricidade-demais","status":"publish","type":"post","link":"https:\/\/ilheusnews.com.br\/?p=10654","title":{"rendered":"Por que o Brasil precisa cortar a gera\u00e7\u00e3o de energia quando h\u00e1 eletricidade demais?"},"content":{"rendered":"<div>\n<p>Durante d\u00e9cadas, um dos principais desafios do setor el\u00e9trico brasileiro foi garantir <a href=\"https:\/\/olhardigital.com.br\/tag\/energia\/\" target=\"_blank\" rel=\"noreferrer noopener\">energia<\/a> suficiente para atender ao consumo da popula\u00e7\u00e3o. Hoje, a expans\u00e3o das fontes renov\u00e1veis trouxe um cen\u00e1rio diferente: em determinados momentos, o sistema pode produzir mais <a href=\"https:\/\/olhardigital.com.br\/tag\/eletricidade\/\" target=\"_blank\" rel=\"noreferrer noopener\">eletricidade<\/a> do que consegue absorver com seguran\u00e7a. Nesses casos, o Operador Nacional do Sistema El\u00e9trico (ONS) pode determinar a restri\u00e7\u00e3o tempor\u00e1ria da gera\u00e7\u00e3o de algumas usinas para preservar a estabilidade da rede.<\/p>\n<p>O tema ganhou destaque no in\u00edcio de junho, quando o ONS acionou, pela primeira vez, o Plano de Gest\u00e3o de Excedentes de Energia na Rede de Distribui\u00e7\u00e3o. A medida levou distribuidoras a reduzirem temporariamente a gera\u00e7\u00e3o de pequenas usinas conectadas \u00e0s suas redes.<\/p>\n<p>Em resposta ao <strong>Olhar Digital<\/strong>, o ONS afirmou que o plano \u00e9 uma medida excepcional adotada para o controle da frequ\u00eancia do sistema el\u00e9trico. Segundo o operador, o objetivo \u00e9 prevenir riscos \u00e0 estabilidade do Sistema Interligado Nacional (SIN) e evitar a perda de controlabilidade da rede em momentos de carga muito reduzida e alta gera\u00e7\u00e3o distribu\u00edda, assegurando a continuidade do fornecimento de energia \u00e0 sociedade.<\/p>\n<p>O operador informou ainda que o plano foi acionado em 7 de junho, um domingo do feriado prolongado de Corpus Christi. Segundo o ONS, a combina\u00e7\u00e3o entre a elevada gera\u00e7\u00e3o de micro e minigera\u00e7\u00e3o distribu\u00edda, a menor demanda por energia durante o fim de semana prolongado e as baixas temperaturas exigiu a ado\u00e7\u00e3o da medida para manter o equil\u00edbrio do sistema el\u00e9trico.<\/p>\n<p>Mas como um pa\u00eds pode enfrentar problemas justamente quando h\u00e1 energia de sobra? Para responder a essa pergunta, \u00e9 preciso entender como funciona o sistema el\u00e9trico brasileiro, qual \u00e9 o papel do ONS na opera\u00e7\u00e3o da rede e por que o crescimento das fontes renov\u00e1veis trouxe novos desafios para manter o equil\u00edbrio entre gera\u00e7\u00e3o e consumo de energia.<\/p>\n<h2 class=\"wp-block-heading\" id=\"h-como-funciona-o-sistema-eletrico-brasileiro\">Como funciona o sistema el\u00e9trico brasileiro?<\/h2>\n<p>A energia consumida diariamente por resid\u00eancias, empresas e ind\u00fastrias pode ser gerada por diferentes fontes, como hidrel\u00e9tricas, parques e\u00f3licos, usinas solares, termel\u00e9tricas, usinas nucleares e biomassa. Depois de produzida, ela passa por subesta\u00e7\u00f5es, percorre linhas de transmiss\u00e3o de alta tens\u00e3o e chega \u00e0s redes de distribui\u00e7\u00e3o, respons\u00e1veis por levar a eletricidade at\u00e9 os consumidores.<\/p>\n<p>Essa infraestrutura integra o SIN, que atende praticamente toda a carga de energia el\u00e9trica do pa\u00eds e permite transportar eletricidade entre diferentes regi\u00f5es. Segundo o professor de Engenharia El\u00e9trica do Instituto Mau\u00e1 de Tecnologia, <strong>Edval Delbone<\/strong>, essa interliga\u00e7\u00e3o permite que estados com sobra de gera\u00e7\u00e3o abaste\u00e7am outros onde a demanda \u00e9 maior.<\/p>\n<div class=\"wp-block-image\">\n<figure class=\"aligncenter size-large\"><figcaption class=\"wp-element-caption\">Subesta\u00e7\u00f5es e linhas de transmiss\u00e3o fazem parte da infraestrutura que permite ao Sistema Interligado Nacional transportar energia entre diferentes regi\u00f5es e equilibrar gera\u00e7\u00e3o e consumo em tempo real \u2013 Imagem: Paulo Nabas \/ Shutterstock<\/figcaption><\/figure>\n<\/div>\n<blockquote class=\"wp-block-quote is-layout-flow wp-block-quote-is-layout-flow\">\n<p>O sistema el\u00e9trico brasileiro \u00e9 todo interligado. N\u00f3s temos quatro subsistemas: Norte, Nordeste, Sudeste\/Centro-Oeste e Sul. O que quer dizer isso? \u00c9 o interc\u00e2mbio entre os subsistemas. Vamos supor que est\u00e1 sobrando energia no Nordeste. O Nordeste manda para os demais subsistemas. Se estiver faltando energia no Sul, o Sudeste pode mandar para l\u00e1, ou vice-versa.<\/p>\n<p><cite>Edval Delbone, professor de Engenharia El\u00e9trica do Instituto Mau\u00e1 de Tecnologia<\/cite><\/p><\/blockquote>\n<p>Na pr\u00e1tica, isso significa que a eletricidade consumida pelos brasileiros n\u00e3o vem de uma \u00fanica usina espec\u00edfica. Como explica Delbone, o sistema funciona como uma grande rede que re\u00fane usinas e consumidores em praticamente todo o territ\u00f3rio nacional.<\/p>\n<p>\u201c\u00c9 como se fosse um anel, uma rede em anel. Todas as usinas est\u00e3o conectadas nesse anel e todas as cargas \u2014 as ind\u00fastrias, o com\u00e9rcio e as resid\u00eancias \u2014 tamb\u00e9m est\u00e3o conectadas nesse anel. Ent\u00e3o, sua energia est\u00e1 vindo do pa\u00eds inteiro\u201d, explicou ele.<\/p>\n<h2 class=\"wp-block-heading\">Qual \u00e9 o papel do ONS na opera\u00e7\u00e3o do sistema<\/h2>\n<p>Respons\u00e1vel pela coordena\u00e7\u00e3o e pelo controle da opera\u00e7\u00e3o das instala\u00e7\u00f5es de gera\u00e7\u00e3o e transmiss\u00e3o de energia el\u00e9trica do SIN, o Operador Nacional do Sistema El\u00e9trico acompanha, em tempo real, o comportamento da rede para garantir que a oferta e o consumo de energia permane\u00e7am em equil\u00edbrio. O \u00f3rg\u00e3o tamb\u00e9m \u00e9 respons\u00e1vel pelo planejamento da opera\u00e7\u00e3o dos sistemas isolados do pa\u00eds, sob fiscaliza\u00e7\u00e3o e regula\u00e7\u00e3o da Ag\u00eancia Nacional de Energia El\u00e9trica (<a href=\"https:\/\/olhardigital.com.br\/tag\/aneel\/\" target=\"_blank\" rel=\"noreferrer noopener\">Aneel<\/a>).<\/p>\n<p>Na pr\u00e1tica, isso significa que cabe ao ONS coordenar a opera\u00e7\u00e3o das usinas sob sua responsabilidade, programar desligamentos para manuten\u00e7\u00e3o e restabelecer o sistema ap\u00f3s grandes interrup\u00e7\u00f5es no fornecimento de energia.<\/p>\n<p>Segundo o professor de Engenharia El\u00e9trica do Instituto Mau\u00e1 de Tecnologia, Edval Delbone, essa atua\u00e7\u00e3o \u00e9 diferente da exercida pela Aneel, respons\u00e1vel pela regula\u00e7\u00e3o e fiscaliza\u00e7\u00e3o do setor. \u201cA Aneel faz a regula\u00e7\u00e3o do setor e aplica as multas. O ONS \u00e9 quem opera. Quando tem um blackout, o ONS \u00e9 quem comanda o restabelecimento\u201d, destaca.<\/p>\n<p>O professor explica que esse processo precisa ocorrer de forma coordenada para evitar novos desequil\u00edbrios na rede el\u00e9trica. \u201cVoc\u00ea n\u00e3o consegue ligar todas as usinas de qualquer jeito. Liga um gerador, liga uma carga, uma linha de transmiss\u00e3o, uma subesta\u00e7\u00e3o. Depois liga outro gerador, mais uma carga. Assim vai voltando a gera\u00e7\u00e3o e o consumidor paulatinamente, de uma forma ordenada.\u201d<\/p>\n<p>O planejamento tamb\u00e9m faz parte da rotina do operador. Antes que uma usina ou uma linha de transmiss\u00e3o seja retirada de opera\u00e7\u00e3o para manuten\u00e7\u00e3o, por exemplo, o ONS avalia se o sistema conseguir\u00e1 continuar atendendo \u00e0 demanda sem comprometer a seguran\u00e7a da rede.<\/p>\n<blockquote class=\"wp-block-quote is-layout-flow wp-block-quote-is-layout-flow\">\n<p>Se v\u00e1rias empresas pedirem para desligar uma m\u00e1quina para manuten\u00e7\u00e3o, o sistema pode n\u00e3o suportar. Ent\u00e3o, o ONS faz esse planejamento. Ele diz quem pode desligar uma m\u00e1quina naquele fim de semana e quem precisa esperar o outro.<\/p>\n<p><cite>Edval Delbone, professor de Engenharia El\u00e9trica do Instituto Mau\u00e1 de Tecnologia<\/cite><\/p><\/blockquote>\n<h2 class=\"wp-block-heading\">Por que energia demais pode virar um problema<\/h2>\n<p>A expans\u00e3o da gera\u00e7\u00e3o solar e e\u00f3lica mudou a forma de operar o sistema el\u00e9trico do pa\u00eds. Embora as <a href=\"https:\/\/olhardigital.com.br\/tag\/hidreletrica\/\" target=\"_blank\" rel=\"noreferrer noopener\">hidrel\u00e9tricas<\/a> continuem sendo a principal fonte de gera\u00e7\u00e3o do Brasil, as novas fontes renov\u00e1veis ganharam espa\u00e7o rapidamente na matriz el\u00e9trica brasileira.<\/p>\n<p>A distribui\u00e7\u00e3o da capacidade instalada no pa\u00eds ajuda a entender essa transforma\u00e7\u00e3o. Embora as hidrel\u00e9tricas continuem como a principal fonte da matriz el\u00e9trica, a participa\u00e7\u00e3o da gera\u00e7\u00e3o <a href=\"https:\/\/olhardigital.com.br\/tag\/energia-solar\/\" target=\"_blank\" rel=\"noreferrer noopener\">solar<\/a>, e\u00f3lica e da micro e minigera\u00e7\u00e3o distribu\u00edda cresce rapidamente e deve continuar aumentando nos pr\u00f3ximos anos.<\/p>\n<div class=\"wp-block-image\">\n<figure class=\"aligncenter size-full\"><img loading=\"lazy\" decoding=\"async\" width=\"727\" height=\"1010\" src=\"https:\/\/ilheusnews.com.br\/wp-content\/uploads\/2026\/06\/grafico-ons.jpg\" alt=\"Infogr\u00e1fico do ONS compara a capacidade instalada da matriz el\u00e9trica brasileira em 2026 e a proje\u00e7\u00e3o para 2030. As hidrel\u00e9tricas permanecem como principal fonte, enquanto aumentam as participa\u00e7\u00f5es da gera\u00e7\u00e3o solar, e\u00f3lica e da micro e minigera\u00e7\u00e3o distribu\u00edda.\" class=\"wp-image-1345220\" srcset=\"https:\/\/img.odcdn.com.br\/wp-content\/uploads\/2026\/06\/grafico-ons.jpg 727w, https:\/\/img.odcdn.com.br\/wp-content\/uploads\/2026\/06\/grafico-ons-216x300.jpg 216w, https:\/\/img.odcdn.com.br\/wp-content\/uploads\/2026\/06\/grafico-ons-150x208.jpg 150w\" sizes=\"auto, (max-width: 727px) 100vw, 727px\"><figcaption class=\"wp-element-caption\">Evolu\u00e7\u00e3o da Capacidade instalada no SIN \u2013 Junho 2026\/ Dezembro 2030. Hidrel\u00e9tricas seguem como a principal fonte da matriz el\u00e9trica brasileira, mas a participa\u00e7\u00e3o da gera\u00e7\u00e3o solar, e\u00f3lica e da micro e minigera\u00e7\u00e3o distribu\u00edda deve continuar crescendo at\u00e9 2030 \u2013 Imagem: ONS\/ PMO Junho\/2026<\/figcaption><\/figure>\n<\/div>\n<p>Diferentemente das hidrel\u00e9tricas, cuja produ\u00e7\u00e3o pode ser ajustada conforme a demanda, a gera\u00e7\u00e3o solar e e\u00f3lica depende das condi\u00e7\u00f5es clim\u00e1ticas. Isso significa que, em determinados momentos do dia, especialmente quando h\u00e1 muito sol ou vento e o consumo \u00e9 baixo, o operador tem menos flexibilidade para equilibrar o sistema.<\/p>\n<p>Segundo Delbone, a principal diferen\u00e7a entre essas fontes est\u00e1 justamente na possibilidade de controlar \u2014 ou n\u00e3o \u2014 a quantidade de energia produzida.<\/p>\n<blockquote class=\"wp-block-quote is-layout-flow wp-block-quote-is-layout-flow\">\n<p>A hidrel\u00e9trica \u00e9 assim: \u00e9 como se tivesse uma torneirinha de \u00e1gua. Precisa gerar mais energia? Voc\u00ea abre a torneirinha. Precisa gerar menos? Voc\u00ea fecha um pouquinho a torneirinha. Ent\u00e3o, voc\u00ea controla a vaz\u00e3o de \u00e1gua e \u00e9 f\u00e1cil controlar. Agora, o sol e o vento voc\u00ea n\u00e3o consegue controlar. E a\u00ed est\u00e1 o grande problema.<\/p>\n<p><cite>Edval Delbone, professor de Engenharia El\u00e9trica do Instituto Mau\u00e1 de Tecnologia<\/cite><\/p><\/blockquote>\n<p>No dia a dia da opera\u00e7\u00e3o do sistema, quando a gera\u00e7\u00e3o solar e e\u00f3lica aumenta rapidamente, principalmente entre o fim da manh\u00e3 e o in\u00edcio da tarde, parte das hidrel\u00e9tricas precisa reduzir sua produ\u00e7\u00e3o para manter o equil\u00edbrio entre oferta e demanda. Em dias \u00fateis, quando o consumo costuma ser maior, o sistema consegue absorver essa gera\u00e7\u00e3o com mais facilidade. O desafio aumenta em fins de semana e feriados, quando a demanda diminui e a participa\u00e7\u00e3o das fontes renov\u00e1veis passa a representar uma parcela maior da gera\u00e7\u00e3o.<\/p>\n<p>\u201cDurante a semana, quando o consumo \u00e9 alto, entra bastante gera\u00e7\u00e3o de <a href=\"https:\/\/olhardigital.com.br\/tag\/energia-eolica\/\" target=\"_blank\" rel=\"noreferrer noopener\">energia e\u00f3lica<\/a> e solar\u201d, destaca o especialista. \u201cAgora, pega um final de semana, quando o consumo \u00e9 baixo. \u00c9 como se as renov\u00e1veis ficassem quase sozinhas no sistema. S\u00f3 que chega \u00e0s 16h ou 17h e o sol vai embora. Para voc\u00ea voltar com as hidrel\u00e9tricas rapidamente, pode causar uma instabilidade na rede e provocar um blackout.\u201d<\/p>\n<p>Esse comportamento \u00e9 conhecido no setor el\u00e9trico como \u201ccurva do pato\u201d (<em>duck curve<\/em>). O fen\u00f4meno descreve a necessidade de aumentar rapidamente a gera\u00e7\u00e3o das fontes control\u00e1veis no fim da tarde, quando a produ\u00e7\u00e3o de energia solar diminui enquanto o consumo volta a crescer.<\/p>\n<p>Quando esse desequil\u00edbrio amea\u00e7a a estabilidade do sistema, o ONS pode adotar medidas operacionais para preservar a seguran\u00e7a da opera\u00e7\u00e3o. Foi justamente para lidar com esse tipo de situa\u00e7\u00e3o que o operador elaborou o Plano de Gest\u00e3o de Excedentes de Energia na Rede de Distribui\u00e7\u00e3o.<\/p>\n<h2 class=\"wp-block-heading\">O que aconteceu em junho e por que o plano foi acionado<\/h2>\n<p>A preocupa\u00e7\u00e3o com cen\u00e1rios de excesso de gera\u00e7\u00e3o n\u00e3o surgiu neste ano. Em novembro de 2025, o ONS encaminhou \u00e0 Aneel o Plano de Gest\u00e3o de Excedentes de Energia na Rede de Distribui\u00e7\u00e3o. Segundo o operador, o documento estabelece procedimentos para situa\u00e7\u00f5es em que h\u00e1 previs\u00e3o de excedente de gera\u00e7\u00e3o e j\u00e1 n\u00e3o \u00e9 mais poss\u00edvel reduzir a produ\u00e7\u00e3o das usinas centralizadas sob sua coordena\u00e7\u00e3o.<\/p>\n<p>Na ocasi\u00e3o, o ONS ressaltou que a restri\u00e7\u00e3o da gera\u00e7\u00e3o \u00e9 uma medida t\u00e9cnica de \u00faltima inst\u00e2ncia, adotada apenas quando todas as demais alternativas operacionais j\u00e1 foram esgotadas. O objetivo, segundo o operador, \u00e9 preservar o equil\u00edbrio entre gera\u00e7\u00e3o e consumo, manter a estabilidade do Sistema Interligado Nacional e evitar desligamentos em cascata que possam comprometer o fornecimento de energia.<\/p>\n<p>Foi esse plano que entrou em a\u00e7\u00e3o pela primeira vez em 7 de junho de 2026. Em resposta ao <strong>Olhar Digital<\/strong>, o ONS informou que a medida foi necess\u00e1ria para equilibrar a elevada gera\u00e7\u00e3o de micro e minigera\u00e7\u00e3o distribu\u00edda com a menor demanda por energia registrada durante o domingo do feriado prolongado de Corpus Christi, cen\u00e1rio refor\u00e7ado pelas baixas temperaturas.<\/p>\n<p>Segundo o operador, o plano prev\u00ea, entre outras a\u00e7\u00f5es, a redu\u00e7\u00e3o tempor\u00e1ria da gera\u00e7\u00e3o das chamadas Usinas Tipo III \u2014 empreendimentos conectados diretamente \u00e0s redes de distribui\u00e7\u00e3o e que n\u00e3o s\u00e3o controlados pelo ONS. A medida busca preservar a estabilidade do sistema quando os recursos dispon\u00edveis para controlar a gera\u00e7\u00e3o centralizada j\u00e1 n\u00e3o s\u00e3o suficientes.<\/p>\n<p>A necessidade desse tipo de interven\u00e7\u00e3o tem aumentado nos \u00faltimos anos, segundo dados do pr\u00f3prio ONS.<\/p>\n<div class=\"wp-block-image\">\n<figure class=\"aligncenter size-full\"><img loading=\"lazy\" decoding=\"async\" width=\"768\" height=\"432\" src=\"https:\/\/ilheusnews.com.br\/wp-content\/uploads\/2026\/06\/Evoluo-das-restries-de-gerao-registradas-pelo-ONS.png\" alt=\"Gr\u00e1fico de linha mostra a evolu\u00e7\u00e3o do percentual de gera\u00e7\u00e3o n\u00e3o realizada (GNRa) em usinas e\u00f3licas e fotovoltaicas entre 2021 e 2026. O \u00edndice sobe de 0,1% em 2021 para 20,7% em 2025; em 2026, at\u00e9 24 de junho, est\u00e1 em 17,9%.\" class=\"wp-image-1345229\" srcset=\"https:\/\/img.odcdn.com.br\/wp-content\/uploads\/2026\/06\/Evoluo-das-restries-de-gerao-registradas-pelo-ONS.png 768w, https:\/\/img.odcdn.com.br\/wp-content\/uploads\/2026\/06\/Evoluo-das-restries-de-gerao-registradas-pelo-ONS-300x169.png 300w, https:\/\/img.odcdn.com.br\/wp-content\/uploads\/2026\/06\/Evoluo-das-restries-de-gerao-registradas-pelo-ONS-150x84.png 150w\" sizes=\"auto, (max-width: 768px) 100vw, 768px\"><figcaption class=\"wp-element-caption\">O percentual de gera\u00e7\u00e3o n\u00e3o realizada (GNRa) em usinas e\u00f3licas e fotovoltaicas cresceu de 0,1% em 2021 para 20,7% em 2025. Em 2026, at\u00e9 24 de junho, o \u00edndice estava em 17,9%. Fonte: <a href=\"https:\/\/www.ons.org.br\/Paginas\/faq_curtailment.aspx\" target=\"_blank\" rel=\"noreferrer noopener\">ONS<\/a>. Dados anuais; 2026 considera o per\u00edodo de 1\u00ba de janeiro a 24 de junho \u2013 Imagem: Olhar Digital<\/figcaption><\/figure>\n<\/div>\n<p>A evolu\u00e7\u00e3o dos \u00edndices mostra que esse tipo de restri\u00e7\u00e3o deixou de ser um evento espor\u00e1dico e passou a ser registrado com frequ\u00eancia crescente na opera\u00e7\u00e3o do sistema el\u00e9trico. Em 2021, a gera\u00e7\u00e3o n\u00e3o realizada representava apenas 0,1% da gera\u00e7\u00e3o verificada das usinas e\u00f3licas e solares monitoradas pelo operador. Esse percentual passou para 0,5% em 2022, 3,6% em 2023, 9,4% em 2024 e atingiu 20,7% em 2025. At\u00e9 24 de junho de 2026, o \u00edndice acumulado j\u00e1 era de 17,9%.<\/p>\n<p>Mais do que o aumento do volume de restri\u00e7\u00f5es, os dados revelam uma mudan\u00e7a em suas causas. Nos primeiros anos, predominavam limita\u00e7\u00f5es relacionadas ao escoamento da energia pela rede de transmiss\u00e3o. Com o avan\u00e7o da gera\u00e7\u00e3o renov\u00e1vel, cresceram as restri\u00e7\u00f5es motivadas por raz\u00f5es energ\u00e9ticas e pela necessidade de preservar a confiabilidade da opera\u00e7\u00e3o do sistema, indicando uma mudan\u00e7a no perfil dos desafios enfrentados pelo setor el\u00e9trico brasileiro.<\/p>\n<p>Diante desse cen\u00e1rio, o setor el\u00e9trico passou a discutir alternativas para aumentar a flexibilidade do sistema e reduzir a necessidade de restri\u00e7\u00f5es de gera\u00e7\u00e3o.<\/p>\n<h2 class=\"wp-block-heading\" id=\"h-como-o-sistema-pode-se-adaptar-a-nova-realidade\">Como o sistema pode se adaptar \u00e0 nova realidade?<\/h2>\n<p>O desafio de equilibrar gera\u00e7\u00e3o e consumo tende a permanecer nos pr\u00f3ximos anos \u00e0 medida que a participa\u00e7\u00e3o das fontes renov\u00e1veis continua crescendo. Nos documentos que acompanham o Plano de Gest\u00e3o de Excedentes de Energia na Rede de Distribui\u00e7\u00e3o, o ONS afirma que a medida representa uma primeira etapa de uma estrat\u00e9gia mais ampla para aprimorar a gest\u00e3o dos excedentes de energia na rede de distribui\u00e7\u00e3o.<\/p>\n<p>O operador tamb\u00e9m destaca que o plano foi desenvolvido para ser utilizado apenas em situa\u00e7\u00f5es pontuais, quando os recursos dispon\u00edveis para controlar a gera\u00e7\u00e3o centralizada j\u00e1 tiverem sido esgotados. A proposta, segundo o ONS, \u00e9 preservar o equil\u00edbrio entre oferta e demanda e evitar impactos como desligamentos em cascata e instabilidades no fornecimento de energia.<\/p>\n<p>Na avalia\u00e7\u00e3o do professor de Engenharia El\u00e9trica do Instituto Mau\u00e1 de Tecnologia, Edval Delbone, uma das tecnologias que podem reduzir a necessidade dessas restri\u00e7\u00f5es \u00e9 o armazenamento de energia em baterias de grande porte, conhecido pela sigla BESS (<em>Battery Energy Storage System<\/em>).<\/p>\n<blockquote class=\"wp-block-quote is-layout-flow wp-block-quote-is-layout-flow\">\n<p>Aquele sol do meio-dia, em vez de expulsar as usinas hidrel\u00e9tricas, vai para a <a href=\"https:\/\/olhardigital.com.br\/tag\/bateria\/\" target=\"_blank\" rel=\"noreferrer noopener\">bateria<\/a> e as hidrel\u00e9tricas continuam conectadas ao SIN. Quando chega \u00e0s 17h, o BESS devolve essa energia para o sistema de uma forma autom\u00e1tica.<\/p>\n<p><cite>Edval Delbone, professor de Engenharia El\u00e9trica do Instituto Mau\u00e1 de Tecnologia<\/cite><\/p><\/blockquote>\n<p>Segundo Delbone, esse tipo de sistema permite armazenar parte da energia produzida durante os per\u00edodos de maior gera\u00e7\u00e3o solar e e\u00f3lica para utiliz\u00e1-la quando a produ\u00e7\u00e3o dessas fontes diminui, reduzindo a necessidade de desligar temporariamente usinas para manter o equil\u00edbrio da rede.<\/p>\n<p>O professor lembra que o governo prev\u00ea realizar, ainda neste ano, um leil\u00e3o de capacidade voltado ao armazenamento de energia, iniciativa que, na avalia\u00e7\u00e3o dele, pode estimular a ado\u00e7\u00e3o dessa tecnologia no pa\u00eds. Para Delbone, ampliar a capacidade de armazenamento ser\u00e1 um dos caminhos para tornar o sistema el\u00e9trico mais flex\u00edvel \u00e0 medida que a participa\u00e7\u00e3o das fontes renov\u00e1veis continuar crescendo.<\/p>\n<div class=\"wp-block-image\">\n<figure class=\"aligncenter size-large\"><img loading=\"lazy\" decoding=\"async\" width=\"1024\" height=\"682\" src=\"https:\/\/ilheusnews.com.br\/wp-content\/uploads\/2026\/06\/armazenamento-energia-baterias-parque-solar-1024x682-1.jpg\" alt=\"Sistema de armazenamento de energia em baterias instalado ao lado de um parque solar, tecnologia que permite armazenar eletricidade para uso quando a gera\u00e7\u00e3o das fontes renov\u00e1veis diminui.\" class=\"wp-image-1345243\" srcset=\"https:\/\/img.odcdn.com.br\/wp-content\/uploads\/2026\/06\/armazenamento-energia-baterias-parque-solar-1024x682.jpg 1024w, https:\/\/img.odcdn.com.br\/wp-content\/uploads\/2026\/06\/armazenamento-energia-baterias-parque-solar-300x200.jpg 300w, https:\/\/img.odcdn.com.br\/wp-content\/uploads\/2026\/06\/armazenamento-energia-baterias-parque-solar-768x511.jpg 768w, https:\/\/img.odcdn.com.br\/wp-content\/uploads\/2026\/06\/armazenamento-energia-baterias-parque-solar-1536x1023.jpg 1536w, https:\/\/img.odcdn.com.br\/wp-content\/uploads\/2026\/06\/armazenamento-energia-baterias-parque-solar-150x100.jpg 150w, https:\/\/img.odcdn.com.br\/wp-content\/uploads\/2026\/06\/armazenamento-energia-baterias-parque-solar.jpg 2000w\" sizes=\"auto, (max-width: 1024px) 100vw, 1024px\"><figcaption class=\"wp-element-caption\">Sistemas de armazenamento em baterias podem guardar o excedente de energia gerado por fontes renov\u00e1veis e devolv\u00ea-lo \u00e0 rede nos momentos de maior demanda, aumentando a flexibilidade do sistema el\u00e9trico \u2013 Imagem: 106882997 \/ Shutterstock<\/figcaption><\/figure>\n<\/div>\n<p>As diretrizes do leil\u00e3o foram publicadas pelo Minist\u00e9rio de Minas e Energia (MME) no in\u00edcio de junho. A proposta prev\u00ea a contrata\u00e7\u00e3o de novos sistemas de armazenamento em baterias, capazes de armazenar energia el\u00e9trica e devolv\u00ea-la ao sistema quando houver necessidade operativa, contribuindo para a gest\u00e3o dos excedentes de gera\u00e7\u00e3o renov\u00e1vel e para aumentar a flexibilidade do SIN.<\/p>\n<p>Enquanto novas solu\u00e7\u00f5es s\u00e3o discutidas, o ONS afirma que segue atento \u00e0 nova realidade eletroenerg\u00e9tica e trabalhando para garantir a seguran\u00e7a e a efici\u00eancia do sistema, de acordo com os procedimentos de rede vigentes. O conjunto de mudan\u00e7as observado nos \u00faltimos anos mostra que o sistema el\u00e9trico brasileiro enfrenta o desafio de adaptar uma rede constru\u00edda ao longo de d\u00e9cadas a uma matriz em r\u00e1pida transforma\u00e7\u00e3o e cada vez mais diversificada.<\/p>\n<p>O post <a href=\"https:\/\/olhardigital.com.br\/2026\/06\/25\/ciencia-e-espaco\/por-que-o-brasil-precisa-cortar-a-geracao-de-energia-quando-ha-eletricidade-demais\/\">Por que o Brasil precisa cortar a gera\u00e7\u00e3o de energia quando h\u00e1 eletricidade demais?<\/a> apareceu primeiro em <a href=\"https:\/\/olhardigital.com.br\/\">Olhar Digital<\/a>.<\/p>\n<\/div>\n","protected":false},"excerpt":{"rendered":"<p>Durante d\u00e9cadas, um dos principais desafios do setor el\u00e9trico brasileiro foi garantir energia suficiente para atender ao consumo da popula\u00e7\u00e3o. Hoje, a expans\u00e3o das fontes renov\u00e1veis trouxe um cen\u00e1rio diferente: em determinados momentos, o sistema pode produzir mais eletricidade do que consegue absorver com seguran\u00e7a. Nesses casos, o Operador Nacional do Sistema El\u00e9trico (ONS) pode<\/p>\n","protected":false},"author":6,"featured_media":10655,"comment_status":"closed","ping_status":"closed","sticky":false,"template":"","format":"standard","meta":{"fifu_image_url":"https:\/\/olhardigital.com.br\/wp-content\/uploads\/2026\/06\/subestacao-sistema-interligado-nacional-1024x682.jpg","fifu_image_alt":"Por que o Brasil precisa cortar a gera\u00e7\u00e3o de energia quando h\u00e1 eletricidade demais?","footnotes":""},"categories":[33],"tags":[],"class_list":["post-10654","post","type-post","status-publish","format-standard","has-post-thumbnail","hentry","category-noticias"],"_links":{"self":[{"href":"https:\/\/ilheusnews.com.br\/index.php?rest_route=\/wp\/v2\/posts\/10654","targetHints":{"allow":["GET"]}}],"collection":[{"href":"https:\/\/ilheusnews.com.br\/index.php?rest_route=\/wp\/v2\/posts"}],"about":[{"href":"https:\/\/ilheusnews.com.br\/index.php?rest_route=\/wp\/v2\/types\/post"}],"author":[{"embeddable":true,"href":"https:\/\/ilheusnews.com.br\/index.php?rest_route=\/wp\/v2\/users\/6"}],"replies":[{"embeddable":true,"href":"https:\/\/ilheusnews.com.br\/index.php?rest_route=%2Fwp%2Fv2%2Fcomments&post=10654"}],"version-history":[{"count":0,"href":"https:\/\/ilheusnews.com.br\/index.php?rest_route=\/wp\/v2\/posts\/10654\/revisions"}],"wp:featuredmedia":[{"embeddable":true,"href":"https:\/\/ilheusnews.com.br\/index.php?rest_route=\/wp\/v2\/media\/10655"}],"wp:attachment":[{"href":"https:\/\/ilheusnews.com.br\/index.php?rest_route=%2Fwp%2Fv2%2Fmedia&parent=10654"}],"wp:term":[{"taxonomy":"category","embeddable":true,"href":"https:\/\/ilheusnews.com.br\/index.php?rest_route=%2Fwp%2Fv2%2Fcategories&post=10654"},{"taxonomy":"post_tag","embeddable":true,"href":"https:\/\/ilheusnews.com.br\/index.php?rest_route=%2Fwp%2Fv2%2Ftags&post=10654"}],"curies":[{"name":"wp","href":"https:\/\/api.w.org\/{rel}","templated":true}]}}