{"id":10627,"date":"2026-06-25T12:02:03","date_gmt":"2026-06-25T15:02:03","guid":{"rendered":"https:\/\/ilheusnews.com.br\/?p=10627"},"modified":"2026-06-25T12:02:03","modified_gmt":"2026-06-25T15:02:03","slug":"ofertas-do-dia-iphone-smart-tv-repetidor-de-sinal-e-mais-itens-em-promocao","status":"publish","type":"post","link":"https:\/\/ilheusnews.com.br\/?p=10627","title":{"rendered":"Ofertas do dia: iPhone, Smart TV, repetidor de sinal e mais itens em promo\u00e7\u00e3o"},"content":{"rendered":"<div>\n<p>Confira as ofertas selecionadas pelo <strong>Olhar Digital<\/strong> para esta quinta-feira (25): voc\u00ea pode aproveitar descontos arrasadores em itens como iPhone, headset sem fio, cafeteira e mais. Veja abaixo nossas sugest\u00f5es e compre com economia:<\/p>\n<h2 class=\"wp-block-heading\" id=\"h-apple-iphone-15-128-gb\"><a href=\"https:\/\/link.amazon\/B00g84V6s\" target=\"_blank\" rel=\"noreferrer noopener sponsored nofollow\">Apple iPhone 15 (128 GB)<\/a><\/h2>\n<div class=\"wp-block-image\">\n<figure class=\"aligncenter size-large\"><figcaption class=\"wp-element-caption\">Apple iPhone 15 (128 GB) \u2013 Imagem: Divulga\u00e7\u00e3o<\/figcaption><\/figure>\n<\/div>\n<p>Com o processador A16 Bionic, o iPhone 15 vem com 128 GB de armazenamento interno e tem uma tela de 6,1 polegadas com a tecnologia Super Retina XDR. O conjunto de c\u00e2meras traseiras usa um sensor de 48 MP em parceria com uma lente teleobjetiva. O vidro frontal \u00e9 equipado com a tecnologia Ceramic Shield para garantir resist\u00eancia a arranh\u00f5es.<\/p>\n<div class=\"odlcp\">\n<div class=\"odlcp-img\"><img decoding=\"async\" src=\"https:\/\/ilheusnews.com.br\/wp-content\/uploads\/2026\/06\/1-20-1.jpg\" alt=\"Apple iPhone 15 (128 GB)\" loading=\"lazy\"><\/div>\n<div class=\"odlcp-meta\">\n<div class=\"odlcp-nome\">Apple iPhone 15 (128 GB)<\/div>\n<div class=\"odlcp-preco\"><span class=\"odlcp-de\">R$ 5.999,00<\/span> <span class=\"odlcp-por\">R$ 4.498,00<\/span><\/div>\n<\/p><\/div>\n<div class=\"odlcp-right\">\n<div class=\"odlcp-loja\">Amazon<\/div>\n<p>\t\t\t\t\t\t\t<a class=\"odlcp-link\" href=\"https:\/\/link.amazon\/B00g84V6s\" target=\"_blank\" rel=\"noopener sponsored\">Ir \u00e0 loja <svg xmlns=\"http:\/\/www.w3.org\/2000\/svg\" width=\"14\" height=\"14\" viewbox=\"0 0 24 24\" fill=\"none\" stroke=\"currentColor\" stroke-width=\"2\" stroke-linecap=\"round\" stroke-linejoin=\"round\"><path d=\"M18 13v6a2 2 0 0 1-2 2H5a2 2 0 0 1-2-2V8a2 2 0 0 1 2-2h6\"><\/path><polyline points=\"15 3 21 3 21 9\"><\/polyline><line x1=\"10\" y1=\"14\" x2=\"21\" y2=\"3\"><\/line><\/svg><\/a>\n\t\t\t\t\t\t<\/div>\n<\/p><\/div>\n<h2 class=\"wp-block-heading\" id=\"h-smart-tv-lg-43lr6700psa\"><a href=\"https:\/\/mercadolivre.com\/sec\/1vFQx96\" target=\"_blank\" rel=\"noreferrer noopener sponsored nofollow\">Smart TV LG 43LR6700PSA<\/a><\/h2>\n<div class=\"wp-block-image\">\n<figure class=\"aligncenter size-large\"><img loading=\"lazy\" decoding=\"async\" width=\"1024\" height=\"576\" src=\"https:\/\/ilheusnews.com.br\/wp-content\/uploads\/2026\/06\/2-20-1024x576-1.jpg\" alt=\"Smart TV LG 43LR6700PSA\" class=\"wp-image-1345010\" srcset=\"https:\/\/ilheusnews.com.br\/wp-content\/uploads\/2026\/06\/2-20-1024x576-1.jpg 1024w, https:\/\/img.odcdn.com.br\/wp-content\/uploads\/2026\/06\/2-20-300x169.jpg 300w, https:\/\/img.odcdn.com.br\/wp-content\/uploads\/2026\/06\/2-20-768x432.jpg 768w, https:\/\/img.odcdn.com.br\/wp-content\/uploads\/2026\/06\/2-20-150x84.jpg 150w, https:\/\/ilheusnews.com.br\/wp-content\/uploads\/2026\/06\/2-20.jpg 1067w\" sizes=\"auto, (max-width: 1024px) 100vw, 1024px\"><figcaption class=\"wp-element-caption\">Smart TV LG 43LR6700PSA \u2013 Imagem: Divulga\u00e7\u00e3o<\/figcaption><\/figure>\n<\/div>\n<p>Uma Smart TV com tela de 43 polegadas Full HD e que usa um processador para aprimorar a qualidade das imagens. O sistema operacional \u00e9 o webOS, que oferece comandos de voz via Alexa e acesso aos principais servi\u00e7os de streaming da atualidade.<\/p>\n<div class=\"odlcp\">\n<div class=\"odlcp-img\"><img decoding=\"async\" src=\"https:\/\/ilheusnews.com.br\/wp-content\/uploads\/2026\/06\/2-20.jpg\" alt=\"Smart TV LG 43LR6700PSA\" loading=\"lazy\"><\/div>\n<div class=\"odlcp-meta\">\n<div class=\"odlcp-nome\">Smart TV LG 43LR6700PSA<\/div>\n<div class=\"odlcp-preco\"><span class=\"odlcp-de\">R$ 2.299,00<\/span> <span class=\"odlcp-por\">R$ 1.501,11<\/span><\/div>\n<\/p><\/div>\n<div class=\"odlcp-right\">\n<div class=\"odlcp-loja\">Mercado Livre<\/div>\n<p>\t\t\t\t\t\t\t<a class=\"odlcp-link\" href=\"https:\/\/mercadolivre.com\/sec\/1vFQx96\" target=\"_blank\" rel=\"noopener sponsored\">Ir \u00e0 loja <svg xmlns=\"http:\/\/www.w3.org\/2000\/svg\" width=\"14\" height=\"14\" viewbox=\"0 0 24 24\" fill=\"none\" stroke=\"currentColor\" stroke-width=\"2\" stroke-linecap=\"round\" stroke-linejoin=\"round\"><path d=\"M18 13v6a2 2 0 0 1-2 2H5a2 2 0 0 1-2-2V8a2 2 0 0 1 2-2h6\"><\/path><polyline points=\"15 3 21 3 21 9\"><\/polyline><line x1=\"10\" y1=\"14\" x2=\"21\" y2=\"3\"><\/line><\/svg><\/a>\n\t\t\t\t\t\t<\/div>\n<\/p><\/div>\n<h2 class=\"wp-block-heading\" id=\"h-hyperx-cloud-jet\"><a href=\"https:\/\/link.amazon\/B0eUVXGiw\" target=\"_blank\" rel=\"noreferrer noopener sponsored nofollow\">HyperX Cloud Jet<\/a><\/h2>\n<div class=\"wp-block-image\">\n<figure class=\"aligncenter size-large\"><img loading=\"lazy\" decoding=\"async\" width=\"1024\" height=\"576\" src=\"https:\/\/ilheusnews.com.br\/wp-content\/uploads\/2026\/06\/3-20-1024x576-1.jpg\" alt=\"HyperX Cloud Jet\" class=\"wp-image-1345009\" srcset=\"https:\/\/ilheusnews.com.br\/wp-content\/uploads\/2026\/06\/3-20-1024x576-1.jpg 1024w, https:\/\/img.odcdn.com.br\/wp-content\/uploads\/2026\/06\/3-20-300x169.jpg 300w, https:\/\/img.odcdn.com.br\/wp-content\/uploads\/2026\/06\/3-20-768x432.jpg 768w, https:\/\/img.odcdn.com.br\/wp-content\/uploads\/2026\/06\/3-20-150x84.jpg 150w, https:\/\/ilheusnews.com.br\/wp-content\/uploads\/2026\/06\/3-20.jpg 1067w\" sizes=\"auto, (max-width: 1024px) 100vw, 1024px\"><figcaption class=\"wp-element-caption\">HyperX Cloud Jet \u2013 Imagem: Divulga\u00e7\u00e3o<\/figcaption><\/figure>\n<\/div>\n<p>Um fone sem fio que pode ser usado tanto via Bluetooth quanto com um conector de 2,4 GHz. A bateria oferece autonomia para at\u00e9 25 horas de uso, e ele vem com um microfone acoplado para chamadas de voz. As almofadas laterais em malha respir\u00e1vel oferecem mais conforto mesmo em sess\u00f5es prolongadas de uso.<\/p>\n<div class=\"odlcp\">\n<div class=\"odlcp-img\"><img decoding=\"async\" src=\"https:\/\/ilheusnews.com.br\/wp-content\/uploads\/2026\/06\/3-20.jpg\" alt=\"HyperX Cloud Jet\" loading=\"lazy\"><\/div>\n<div class=\"odlcp-meta\">\n<div class=\"odlcp-nome\">HyperX Cloud Jet<\/div>\n<div class=\"odlcp-preco\"><span class=\"odlcp-de\">R$ 385,71<\/span> <span class=\"odlcp-por\">R$ 365,99<\/span><\/div>\n<\/p><\/div>\n<div class=\"odlcp-right\">\n<div class=\"odlcp-loja\">Amazon<\/div>\n<p>\t\t\t\t\t\t\t<a class=\"odlcp-link\" href=\"https:\/\/link.amazon\/B0eUVXGiw\" target=\"_blank\" rel=\"noopener sponsored\">Ir \u00e0 loja <svg xmlns=\"http:\/\/www.w3.org\/2000\/svg\" width=\"14\" height=\"14\" viewbox=\"0 0 24 24\" fill=\"none\" stroke=\"currentColor\" stroke-width=\"2\" stroke-linecap=\"round\" stroke-linejoin=\"round\"><path d=\"M18 13v6a2 2 0 0 1-2 2H5a2 2 0 0 1-2-2V8a2 2 0 0 1 2-2h6\"><\/path><polyline points=\"15 3 21 3 21 9\"><\/polyline><line x1=\"10\" y1=\"14\" x2=\"21\" y2=\"3\"><\/line><\/svg><\/a>\n\t\t\t\t\t\t<\/div>\n<\/p><\/div>\n<h2 class=\"wp-block-heading\" id=\"h-fone-de-ouvido-qcy-melobuds-pro\"><a href=\"https:\/\/mercadolivre.com\/sec\/2bDXSBS\" target=\"_blank\" rel=\"noreferrer noopener sponsored nofollow\">Fone de ouvido QCY MeloBuds Pro<\/a><\/h2>\n<div class=\"wp-block-image\">\n<figure class=\"aligncenter size-large\"><img loading=\"lazy\" decoding=\"async\" width=\"1024\" height=\"576\" src=\"https:\/\/ilheusnews.com.br\/wp-content\/uploads\/2026\/06\/4-15-1024x576-1.jpg\" alt=\"Fone de ouvido QCY MeloBuds Pro\" class=\"wp-image-1345008\" srcset=\"https:\/\/ilheusnews.com.br\/wp-content\/uploads\/2026\/06\/4-15-1024x576-1.jpg 1024w, https:\/\/img.odcdn.com.br\/wp-content\/uploads\/2026\/06\/4-15-300x169.jpg 300w, https:\/\/img.odcdn.com.br\/wp-content\/uploads\/2026\/06\/4-15-768x432.jpg 768w, https:\/\/img.odcdn.com.br\/wp-content\/uploads\/2026\/06\/4-15-150x84.jpg 150w, https:\/\/ilheusnews.com.br\/wp-content\/uploads\/2026\/06\/4-15.jpg 1067w\" sizes=\"auto, (max-width: 1024px) 100vw, 1024px\"><figcaption class=\"wp-element-caption\">Fone de ouvido QCY MeloBuds Pro \u2013 Imagem: Divulga\u00e7\u00e3o<\/figcaption><\/figure>\n<\/div>\n<p>Os fones QCY MeloBuds Pro contam com cancelamento ativo de ru\u00eddo e suporte ao codec LDAC para reprodu\u00e7\u00e3o de \u00e1udio em alta defini\u00e7\u00e3o. Eles oferecem conectividade multiponto e podem ser ligados a mais de um aparelho de uma vez. A bateria aguenta at\u00e9 34 horas ao somar os fones e o estojo de recarga.<\/p>\n<div class=\"odlcp\">\n<div class=\"odlcp-img\"><img decoding=\"async\" src=\"https:\/\/ilheusnews.com.br\/wp-content\/uploads\/2026\/06\/4-15.jpg\" alt=\"Fone de ouvido QCY MeloBuds Pro\" loading=\"lazy\"><\/div>\n<div class=\"odlcp-meta\">\n<div class=\"odlcp-nome\">Fone de ouvido QCY MeloBuds Pro<\/div>\n<div class=\"odlcp-preco\"><span class=\"odlcp-de\">R$ 437,00<\/span> <span class=\"odlcp-por\">R$ 339,00<\/span><\/div>\n<\/p><\/div>\n<div class=\"odlcp-right\">\n<div class=\"odlcp-loja\">Mercado Livre<\/div>\n<p>\t\t\t\t\t\t\t<a class=\"odlcp-link\" href=\"https:\/\/mercadolivre.com\/sec\/2bDXSBS\" target=\"_blank\" rel=\"noopener sponsored\">Ir \u00e0 loja <svg xmlns=\"http:\/\/www.w3.org\/2000\/svg\" width=\"14\" height=\"14\" viewbox=\"0 0 24 24\" fill=\"none\" stroke=\"currentColor\" stroke-width=\"2\" stroke-linecap=\"round\" stroke-linejoin=\"round\"><path d=\"M18 13v6a2 2 0 0 1-2 2H5a2 2 0 0 1-2-2V8a2 2 0 0 1 2-2h6\"><\/path><polyline points=\"15 3 21 3 21 9\"><\/polyline><line x1=\"10\" y1=\"14\" x2=\"21\" y2=\"3\"><\/line><\/svg><\/a>\n\t\t\t\t\t\t<\/div>\n<\/p><\/div>\n<h2 class=\"wp-block-heading\" id=\"h-repetidor-de-sinal-1800m-premium\"><a href=\"https:\/\/link.amazon\/B07PRsZpo\" target=\"_blank\" rel=\"noreferrer noopener sponsored nofollow\">Repetidor de sinal 1800m Premium<\/a><\/h2>\n<div class=\"wp-block-image\">\n<figure class=\"aligncenter size-large\"><img loading=\"lazy\" decoding=\"async\" width=\"1024\" height=\"576\" src=\"https:\/\/ilheusnews.com.br\/wp-content\/uploads\/2026\/06\/5-15-1024x576-1.jpg\" alt=\"Repetir de sinal 1800m Premium\" class=\"wp-image-1345007\" srcset=\"https:\/\/ilheusnews.com.br\/wp-content\/uploads\/2026\/06\/5-15-1024x576-1.jpg 1024w, https:\/\/img.odcdn.com.br\/wp-content\/uploads\/2026\/06\/5-15-300x169.jpg 300w, https:\/\/img.odcdn.com.br\/wp-content\/uploads\/2026\/06\/5-15-768x432.jpg 768w, https:\/\/img.odcdn.com.br\/wp-content\/uploads\/2026\/06\/5-15-150x84.jpg 150w, https:\/\/ilheusnews.com.br\/wp-content\/uploads\/2026\/06\/5-15.jpg 1067w\" sizes=\"auto, (max-width: 1024px) 100vw, 1024px\"><figcaption class=\"wp-element-caption\">Repetir de sinal 1800m Premium \u2013 Imagem: Divulga\u00e7\u00e3o<\/figcaption><\/figure>\n<\/div>\n<p>O repetidor de sinal 1800m Premium amplia redes Wi-Fi com velocidade de at\u00e9 1800 Mbps, ao somar as frequ\u00eancias de 2,4 GHz e 5 GHz, aumentando o alcance do sinal e garantindo que a internet pegue em todos os cantos da casa. O equipamento suporta tecnologia Mesh e conta com prote\u00e7\u00e3o contra \u00e1gua e poeira.<\/p>\n<div class=\"odlcp\">\n<div class=\"odlcp-img\"><img decoding=\"async\" src=\"https:\/\/ilheusnews.com.br\/wp-content\/uploads\/2026\/06\/5-15.jpg\" alt=\"Repetidor de sinal 1800m Premium\" loading=\"lazy\"><\/div>\n<div class=\"odlcp-meta\">\n<div class=\"odlcp-nome\">Repetidor de sinal 1800m Premium<\/div>\n<div class=\"odlcp-preco\"><span class=\"odlcp-de\">R$ 39,90<\/span> <span class=\"odlcp-por\">R$ 37,90<\/span><\/div>\n<\/p><\/div>\n<div class=\"odlcp-right\">\n<div class=\"odlcp-loja\">Amazon<\/div>\n<p>\t\t\t\t\t\t\t<a class=\"odlcp-link\" href=\"https:\/\/link.amazon\/B07PRsZpo\" target=\"_blank\" rel=\"noopener sponsored\">Ir \u00e0 loja <svg xmlns=\"http:\/\/www.w3.org\/2000\/svg\" width=\"14\" height=\"14\" viewbox=\"0 0 24 24\" fill=\"none\" stroke=\"currentColor\" stroke-width=\"2\" stroke-linecap=\"round\" stroke-linejoin=\"round\"><path d=\"M18 13v6a2 2 0 0 1-2 2H5a2 2 0 0 1-2-2V8a2 2 0 0 1 2-2h6\"><\/path><polyline points=\"15 3 21 3 21 9\"><\/polyline><line x1=\"10\" y1=\"14\" x2=\"21\" y2=\"3\"><\/line><\/svg><\/a>\n\t\t\t\t\t\t<\/div>\n<\/p><\/div>\n<h2 class=\"wp-block-heading\" id=\"h-cafeteira-tres-coracoes-lov\"><a href=\"https:\/\/mercadolivre.com\/sec\/2Fii37i\" target=\"_blank\" rel=\"noreferrer noopener sponsored nofollow\">Cafeteira Tres Cora\u00e7\u00f5es Lov<\/a><\/h2>\n<div class=\"wp-block-image\">\n<\/div>\n<p>A cafeteira Tres Cora\u00e7\u00f5es Lov prepara bebidas com sistema de multipress\u00e3o que varia de 2 a 15 bar. O aparelho inclui reservat\u00f3rio de 950 ml para \u00e1gua e um compartimento interno destinado ao descarte de c\u00e1psulas.<\/p>\n<div class=\"odlcp\">\n<div class=\"odlcp-img\"><img decoding=\"async\" src=\"https:\/\/ilheusnews.com.br\/wp-content\/uploads\/2026\/06\/6-15.jpg\" alt=\"Cafeteira Tres Cora\u00e7\u00f5es Lov\" loading=\"lazy\"><\/div>\n<div class=\"odlcp-meta\">\n<div class=\"odlcp-nome\">Cafeteira Tres Cora\u00e7\u00f5es Lov<\/div>\n<div class=\"odlcp-preco\"><span class=\"odlcp-de\">R$ 424,99<\/span> <span class=\"odlcp-por\">R$ 383,55<\/span><\/div>\n<\/p><\/div>\n<div class=\"odlcp-right\">\n<div class=\"odlcp-loja\">Mercado Livre<\/div>\n<p>\t\t\t\t\t\t\t<a class=\"odlcp-link\" href=\"https:\/\/mercadolivre.com\/sec\/2Fii37i\" target=\"_blank\" rel=\"noopener sponsored\">Ir \u00e0 loja <svg xmlns=\"http:\/\/www.w3.org\/2000\/svg\" width=\"14\" height=\"14\" viewbox=\"0 0 24 24\" fill=\"none\" stroke=\"currentColor\" stroke-width=\"2\" stroke-linecap=\"round\" stroke-linejoin=\"round\"><path d=\"M18 13v6a2 2 0 0 1-2 2H5a2 2 0 0 1-2-2V8a2 2 0 0 1 2-2h6\"><\/path><polyline points=\"15 3 21 3 21 9\"><\/polyline><line x1=\"10\" y1=\"14\" x2=\"21\" y2=\"3\"><\/line><\/svg><\/a>\n\t\t\t\t\t\t<\/div>\n<\/p><\/div>\n<p class=\"has-small-font-size\"><em><strong>Aviso:<\/strong>\u00a0este artigo cont\u00e9m um ou mais links gerados a partir de um programa de afiliados. O valor n\u00e3o muda para voc\u00ea e o\u00a0<strong>Olhar Digital<\/strong>\u00a0poder\u00e1 receber uma comiss\u00e3o. Nenhuma empresa participou da escolha para os links e n\u00e3o existiu aprova\u00e7\u00e3o pr\u00e9via deste conte\u00fado, que segue independente como sempre foi.<\/em><\/p>\n<p>O post <a href=\"https:\/\/olhardigital.com.br\/2026\/06\/25\/reviews\/ofertas-do-dia-iphone-smart-tv-repetidor-de-sinal-e-mais-itens-em-promocao\/\">Ofertas do dia: iPhone, Smart TV, repetidor de sinal e mais itens em promo\u00e7\u00e3o<\/a> apareceu primeiro em <a href=\"https:\/\/olhardigital.com.br\/\">Olhar Digital<\/a>.<\/p>\n<\/div>\n","protected":false},"excerpt":{"rendered":"<p>Confira as ofertas selecionadas pelo Olhar Digital para esta quinta-feira (25): voc\u00ea pode aproveitar descontos arrasadores em itens como iPhone, headset sem fio, cafeteira e mais. Veja abaixo nossas sugest\u00f5es e compre com economia: Apple iPhone 15 (128 GB) Apple iPhone 15 (128 GB) \u2013 Imagem: Divulga\u00e7\u00e3o Com o processador A16 Bionic, o iPhone 15<\/p>\n","protected":false},"author":6,"featured_media":10628,"comment_status":"closed","ping_status":"closed","sticky":false,"template":"","format":"standard","meta":{"fifu_image_url":"https:\/\/img.odcdn.com.br\/wp-content\/uploads\/2026\/06\/1-20-1024x576.jpg","fifu_image_alt":"Ofertas do dia: iPhone, Smart TV, repetidor de sinal e mais itens em promo\u00e7\u00e3o","footnotes":""},"categories":[33],"tags":[],"class_list":["post-10627","post","type-post","status-publish","format-standard","has-post-thumbnail","hentry","category-noticias"],"_links":{"self":[{"href":"https:\/\/ilheusnews.com.br\/index.php?rest_route=\/wp\/v2\/posts\/10627","targetHints":{"allow":["GET"]}}],"collection":[{"href":"https:\/\/ilheusnews.com.br\/index.php?rest_route=\/wp\/v2\/posts"}],"about":[{"href":"https:\/\/ilheusnews.com.br\/index.php?rest_route=\/wp\/v2\/types\/post"}],"author":[{"embeddable":true,"href":"https:\/\/ilheusnews.com.br\/index.php?rest_route=\/wp\/v2\/users\/6"}],"replies":[{"embeddable":true,"href":"https:\/\/ilheusnews.com.br\/index.php?rest_route=%2Fwp%2Fv2%2Fcomments&post=10627"}],"version-history":[{"count":0,"href":"https:\/\/ilheusnews.com.br\/index.php?rest_route=\/wp\/v2\/posts\/10627\/revisions"}],"wp:featuredmedia":[{"embeddable":true,"href":"https:\/\/ilheusnews.com.br\/index.php?rest_route=\/wp\/v2\/media\/10628"}],"wp:attachment":[{"href":"https:\/\/ilheusnews.com.br\/index.php?rest_route=%2Fwp%2Fv2%2Fmedia&parent=10627"}],"wp:term":[{"taxonomy":"category","embeddable":true,"href":"https:\/\/ilheusnews.com.br\/index.php?rest_route=%2Fwp%2Fv2%2Fcategories&post=10627"},{"taxonomy":"post_tag","embeddable":true,"href":"https:\/\/ilheusnews.com.br\/index.php?rest_route=%2Fwp%2Fv2%2Ftags&post=10627"}],"curies":[{"name":"wp","href":"https:\/\/api.w.org\/{rel}","templated":true}]}}