{"id":10613,"date":"2026-06-25T12:01:54","date_gmt":"2026-06-25T15:01:54","guid":{"rendered":"https:\/\/ilheusnews.com.br\/?p=10613"},"modified":"2026-06-25T12:01:54","modified_gmt":"2026-06-25T15:01:54","slug":"prazo-para-solicitar-adesao-as-unidades-moveis-de-rua-e-prorrogado","status":"publish","type":"post","link":"https:\/\/ilheusnews.com.br\/?p=10613","title":{"rendered":"Prazo para solicitar ades\u00e3o \u00e0s Unidades M\u00f3veis de Rua \u00e9 prorrogado"},"content":{"rendered":"<div>O Minist\u00e9rio da Sa\u00fade prorrogou at\u00e9 26 de junho o prazo para os Munic\u00edpios solicitarem a ades\u00e3o \u00e0s Unidades M\u00f3veis de Rua destinadas \u00e0s equipes de Consult\u00f3rio na Rua (eCR), por meio do sistema InvestSUS. De acordo com informa\u00e7\u00f5es veiculadas pela pasta, apenas Munic\u00edpios com Equipes de Consult\u00f3rio na Rua (eCR) homologadas pelo governo federal ter\u00e3o direito a receber novos ve\u00edculos. (Foto ilustra\u00e7\u00e3o) O objetivo central dessas Unidades M\u00f3veis de Rua \u00e9 romper as barreiras geogr\u00e1ficas e sociais que impedem a popula\u00e7\u00e3o em situa\u00e7\u00e3o de rua de acessar o Sistema \u00danico de Sa\u00fade (SUS), levando a estrutura diretamente aos territ\u00f3rios de maior vulnerabilidade, com foco na amplia\u00e7\u00e3o da capacidade resolutiva das equipes. A Confedera\u00e7\u00e3o Nacional de Munic\u00edpios (CNM) alerta que as limita\u00e7\u00f5es impostas pelo Minist\u00e9rio da Sa\u00fade para a habilita\u00e7\u00e3o de novas Unidades M\u00f3veis de Rua podem comprometer a amplia\u00e7\u00e3o do atendimento \u00e0 popula\u00e7\u00e3o. A entidade refor\u00e7a a import\u00e2ncia de que a institui\u00e7\u00e3o de pol\u00edticas e estrat\u00e9gias seja acompanhada de mecanismos \u00e1geis e sustent\u00e1veis de financiamento para os Munic\u00edpios. Ao condicionar a entrega das Unidades M\u00f3veis apenas \u00e0s eCR j\u00e1 homologadas, 335 atualmente, cria-se um ciclo de exclus\u00e3o. Munic\u00edpios com graves demandas de atendimento social podem continuar desassistidos. A CNM destaca a import\u00e2ncia do Minist\u00e9rio da Sa\u00fade revisar continuamente os crit\u00e9rios de distribui\u00e7\u00e3o e os fluxos de habilita\u00e7\u00e3o, buscando aprimorar a implementa\u00e7\u00e3o dos servi\u00e7os credenciados e garantir maior previsibilidade aos Munic\u00edpios. A entidade tamb\u00e9m ressalta a relev\u00e2ncia da agilidade nas an\u00e1lises dos processos das equipes que aguardam a homologa\u00e7\u00e3o do custeio. (Fonte: CNM)<\/div>\n","protected":false},"excerpt":{"rendered":"<p>O Minist\u00e9rio da Sa\u00fade prorrogou at\u00e9 26 de junho o prazo para os Munic\u00edpios solicitarem a ades\u00e3o \u00e0s Unidades M\u00f3veis de Rua destinadas \u00e0s equipes de Consult\u00f3rio na Rua (eCR), por meio do sistema InvestSUS. De acordo com informa\u00e7\u00f5es veiculadas pela pasta, apenas Munic\u00edpios com Equipes de Consult\u00f3rio na Rua (eCR) homologadas pelo governo federal<\/p>\n","protected":false},"author":8,"featured_media":0,"comment_status":"closed","ping_status":"closed","sticky":false,"template":"","format":"standard","meta":{"fifu_image_url":"","fifu_image_alt":"","footnotes":""},"categories":[33],"tags":[],"class_list":["post-10613","post","type-post","status-publish","format-standard","hentry","category-noticias"],"_links":{"self":[{"href":"https:\/\/ilheusnews.com.br\/index.php?rest_route=\/wp\/v2\/posts\/10613","targetHints":{"allow":["GET"]}}],"collection":[{"href":"https:\/\/ilheusnews.com.br\/index.php?rest_route=\/wp\/v2\/posts"}],"about":[{"href":"https:\/\/ilheusnews.com.br\/index.php?rest_route=\/wp\/v2\/types\/post"}],"author":[{"embeddable":true,"href":"https:\/\/ilheusnews.com.br\/index.php?rest_route=\/wp\/v2\/users\/8"}],"replies":[{"embeddable":true,"href":"https:\/\/ilheusnews.com.br\/index.php?rest_route=%2Fwp%2Fv2%2Fcomments&post=10613"}],"version-history":[{"count":0,"href":"https:\/\/ilheusnews.com.br\/index.php?rest_route=\/wp\/v2\/posts\/10613\/revisions"}],"wp:attachment":[{"href":"https:\/\/ilheusnews.com.br\/index.php?rest_route=%2Fwp%2Fv2%2Fmedia&parent=10613"}],"wp:term":[{"taxonomy":"category","embeddable":true,"href":"https:\/\/ilheusnews.com.br\/index.php?rest_route=%2Fwp%2Fv2%2Fcategories&post=10613"},{"taxonomy":"post_tag","embeddable":true,"href":"https:\/\/ilheusnews.com.br\/index.php?rest_route=%2Fwp%2Fv2%2Ftags&post=10613"}],"curies":[{"name":"wp","href":"https:\/\/api.w.org\/{rel}","templated":true}]}}