{"id":10606,"date":"2026-06-25T06:01:04","date_gmt":"2026-06-25T09:01:04","guid":{"rendered":"https:\/\/ilheusnews.com.br\/?p=10606"},"modified":"2026-06-25T06:01:04","modified_gmt":"2026-06-25T09:01:04","slug":"equador-x-alemanha-onde-assistir-horario-e-escalacao-da-copa-do-mundo","status":"publish","type":"post","link":"https:\/\/ilheusnews.com.br\/?p=10606","title":{"rendered":"Equador x Alemanha: onde assistir, hor\u00e1rio e escala\u00e7\u00e3o da Copa do Mundo"},"content":{"rendered":"<div>\n<p>Nesta quinta-feira (25), <strong>Equador e Alemanha<\/strong> se enfrentam na <strong>3\u00aa rodada da fase de grupos <\/strong>da <a href=\"https:\/\/olhardigital.com.br\/tag\/copa-do-mundo\/\" target=\"_blank\" rel=\"noreferrer noopener\">Copa do Mundo 2026<\/a>. A bola rola \u00e0s <strong>17h <\/strong>(hor\u00e1rio de Bras\u00edlia) no\u00a0MetLife Stadium, em Nova Jersey, nos Estados Unidos.<\/p>\n<ul>\n<li><strong><strong>Equador x Alemanha<\/strong><\/strong>:\n<ul>\n<li>Competi\u00e7\u00e3o: Copa do Mundo 2026<\/li>\n<li>Rodada: 3\u00aa rodada da fase de grupos<\/li>\n<li>Data: 25\/06 (quinta-feira)<\/li>\n<li>Hor\u00e1rio: 17h (hor\u00e1rio de Bras\u00edlia)<\/li>\n<li>\u200bLocal: MetLife Stadium, em Nova Jersey, nos Estados Unidos<\/li>\n<\/ul>\n<\/li>\n<\/ul>\n<p><a href=\"https:\/\/olhardigital.com.br\/esportes\/jogos\" target=\"_blank\" rel=\"noreferrer noopener\">Confira aqui a tabela com todos os jogos de hoje!<\/a><\/p>\n<h2 class=\"wp-block-heading\" id=\"h-onde-assistir-equador-x-alemanha\">Onde assistir Equador x Alemanha?<\/h2>\n<p>O duelo entre Equador e Alemanha ser\u00e1 transmitido no canal do YouTube <strong>Caz\u00e9TV<\/strong>.<\/p>\n<h3 class=\"wp-block-heading\" id=\"h-provaveis-escalacoes\">Prov\u00e1veis escala\u00e7\u00f5es<\/h3>\n<ul>\n<li><strong>Equador:<\/strong>\u00a0Hern\u00e1n Gal\u00edndez; John Yeboah, Willian Pacho, Joel Ord\u00f3\u00f1ez e Piero Hincapi\u00e9; Alan Franco, Mois\u00e9s Caicedo, Pablo Vite e Alan Minda; Gonzalo Plata e Enner Valencia. T\u00e9cnico: Sebasti\u00e1n Beccacece.\n<ul>\n<li><strong>T\u00e9cnico<\/strong>: Sebasti\u00e1n Beccacece.<\/li>\n<\/ul>\n<\/li>\n<li><strong>Alemanha:<\/strong> Manuel Neuer; Joshua Kimmich, Jonathan Tah, Nico Schlotterbeck e Nathaniel Brown; Aleksandar Pavlovic, Felix Nmecha, Jamal Musiala (Deniz Undav) e Florian Wirtz; Leroy San\u00e9 e Kai Havertz. T\u00e9cnico: Julian Nagelsmann.\n<ul>\n<li><strong>T\u00e9cnico<\/strong>: Julian Nagelsmann. <\/li>\n<\/ul>\n<\/li>\n<li><strong>Arbitragem:<\/strong>\n<ul>\n<li><strong>\u00c1rbitro:<\/strong> Tori Penso (EUA).<\/li>\n<li><strong>Assistentes:<\/strong> Brooke Mayo (EUA) e Kathryn Nesbitt (EUA).<\/li>\n<li><strong>VAR: <\/strong>A definir.<\/li>\n<\/ul>\n<\/li>\n<\/ul>\n<p><em>As escala\u00e7\u00f5es confirmadas s\u00e3o divulgadas cerca de uma hora antes do jogo.<\/em><\/p>\n<p><strong>Leia mais:<\/strong><\/p>\n<ul>\n<li><a href=\"https:\/\/olhardigital.com.br\/2022\/08\/24\/dicas-e-tutoriais\/futebol-ao-vivo-conheca-5-apps-para-assistir-aos-jogos-pelo-celular\/\" target=\"_blank\" rel=\"noreferrer noopener\">Futebol ao vivo no celular: aplicativos para assistir a jogos ao vivo<\/a><\/li>\n<li><a href=\"https:\/\/olhardigital.com.br\/2021\/01\/22\/dicas-e-tutoriais\/os-5-melhores-aplicativos-para-acompanhar-resultado-de-futebol-com-o-celular\/\" target=\"_blank\" rel=\"noreferrer noopener\">Resultado do futebol: veja os 5 melhores aplicativos<\/a><\/li>\n<li><a href=\"https:\/\/olhardigital.com.br\/2024\/05\/02\/internet-e-redes-sociais\/qual-o-melhor-aplicativo-de-aposta-de-futebol\/\" target=\"_blank\" rel=\"noreferrer noopener\">Qual o melhor aplicativo de aposta de futebol?<\/a><\/li>\n<li><a href=\"https:\/\/olhardigital.com.br\/2024\/02\/15\/tira-duvidas\/var-o-que-e-e-como-funciona-um-arbitro-de-video-no-futebol\/\" target=\"_blank\" rel=\"noreferrer noopener\">VAR: o que \u00e9 e como funciona um \u00e1rbitro de v\u00eddeo no futebol?<\/a> <\/li>\n<\/ul>\n<h2 class=\"wp-block-heading\" id=\"h-equador-e-alemanha-na-copa-do-mundo\">Equador e Alemanha na Copa do Mundo<\/h2>\n<p>O Equador ainda n\u00e3o venceu na Copa do Mundo 2026. A equipe estreou com derrota por 1\u00d70 contra a Costa do Marfim e depois ficou no empate sem gols contra Cura\u00e7ao. Se vencerem, os equatorianos podem passar em 2\u00ba lugar (se a Costa do Marfim n\u00e3o pontuar contra Cura\u00e7ao) ou torcer por uma classifica\u00e7\u00e3o entre os melhores 3\u00ba colocados. J\u00e1 se perder ou empatar, a sele\u00e7\u00e3o est\u00e1 fora do Mundial.<\/p>\n<p>Do outro lado, a Alemanha venceu os dois jogos que disputou: 7\u00d71 contra Cura\u00e7ao e 2\u00d71 contra a Costa do Marfim. A sele\u00e7\u00e3o j\u00e1 est\u00e1 classificada em 1\u00ba no grupo.<\/p>\n<p><a href=\"https:\/\/olhardigital.com.br\/esportes\/jogos\/\" target=\"_blank\" rel=\"noreferrer noopener\">N\u00e3o quer perder nenhuma partida do seu esporte favorito? Confira nossa p\u00e1gina de esportes!<\/a><\/p>\n<p>O post <a href=\"https:\/\/olhardigital.com.br\/2026\/06\/25\/internet-e-redes-sociais\/equador-x-alemanha-onde-assistir-horario-e-escalacao-da-copa-do-mundo\/\">Equador x Alemanha: onde assistir, hor\u00e1rio e escala\u00e7\u00e3o da Copa do Mundo<\/a> apareceu primeiro em <a href=\"https:\/\/olhardigital.com.br\/\">Olhar Digital<\/a>.<\/p>\n<\/div>\n","protected":false},"excerpt":{"rendered":"<p>Nesta quinta-feira (25), Equador e Alemanha se enfrentam na 3\u00aa rodada da fase de grupos da Copa do Mundo 2026. A bola rola \u00e0s 17h (hor\u00e1rio de Bras\u00edlia) no\u00a0MetLife Stadium, em Nova Jersey, nos Estados Unidos. Equador x Alemanha: Competi\u00e7\u00e3o: Copa do Mundo 2026 Rodada: 3\u00aa rodada da fase de grupos Data: 25\/06 (quinta-feira) Hor\u00e1rio:<\/p>\n","protected":false},"author":6,"featured_media":0,"comment_status":"closed","ping_status":"closed","sticky":false,"template":"","format":"standard","meta":{"fifu_image_url":"","fifu_image_alt":"","footnotes":""},"categories":[33],"tags":[],"class_list":["post-10606","post","type-post","status-publish","format-standard","hentry","category-noticias"],"_links":{"self":[{"href":"https:\/\/ilheusnews.com.br\/index.php?rest_route=\/wp\/v2\/posts\/10606","targetHints":{"allow":["GET"]}}],"collection":[{"href":"https:\/\/ilheusnews.com.br\/index.php?rest_route=\/wp\/v2\/posts"}],"about":[{"href":"https:\/\/ilheusnews.com.br\/index.php?rest_route=\/wp\/v2\/types\/post"}],"author":[{"embeddable":true,"href":"https:\/\/ilheusnews.com.br\/index.php?rest_route=\/wp\/v2\/users\/6"}],"replies":[{"embeddable":true,"href":"https:\/\/ilheusnews.com.br\/index.php?rest_route=%2Fwp%2Fv2%2Fcomments&post=10606"}],"version-history":[{"count":0,"href":"https:\/\/ilheusnews.com.br\/index.php?rest_route=\/wp\/v2\/posts\/10606\/revisions"}],"wp:attachment":[{"href":"https:\/\/ilheusnews.com.br\/index.php?rest_route=%2Fwp%2Fv2%2Fmedia&parent=10606"}],"wp:term":[{"taxonomy":"category","embeddable":true,"href":"https:\/\/ilheusnews.com.br\/index.php?rest_route=%2Fwp%2Fv2%2Fcategories&post=10606"},{"taxonomy":"post_tag","embeddable":true,"href":"https:\/\/ilheusnews.com.br\/index.php?rest_route=%2Fwp%2Fv2%2Ftags&post=10606"}],"curies":[{"name":"wp","href":"https:\/\/api.w.org\/{rel}","templated":true}]}}